{"id":1510,"date":"2021-11-08T16:31:27","date_gmt":"2021-11-08T15:31:27","guid":{"rendered":"https:\/\/ishtc.formanet-tn.com\/?p=1510"},"modified":"2021-12-15T14:46:20","modified_gmt":"2021-12-15T13:46:20","slug":"processus-et-enjeux-de-la-decolonisation-en-tunisie-1952-1964","status":"publish","type":"post","link":"https:\/\/ishtc.formanet-tn.com\/en\/processus-et-enjeux-de-la-decolonisation-en-tunisie-1952-1964\/","title":{"rendered":"Processus et enjeux de la d\u00e9colonisation en Tunisie (1952-1964)"},"content":{"rendered":"<div class=\"vc_row wpb_row vc_row-fluid\"><\/div><div class=\"vc_row wpb_row vc_row-fluid\"><\/div><div class=\"vc_row wpb_row vc_row-fluid\"><div class=\"wpb_column vc_column_container vc_col-sm-12\"><div class=\"vc_column-inner\"><div class=\"wpb_wrapper\">\r\n\t<div class=\"wpb_text_column wpb_content_element\" >\r\n\t\t<div class=\"wpb_wrapper\">\r\n\t\t\t<p><img loading=\"lazy\" decoding=\"async\" class=\"size-medium wp-image-1511 alignleft\" src=\"http:\/\/ishtc.formanet-tn.com\/wp-content\/uploads\/2021\/11\/enjeux-200x300.jpg\" alt=\"\" width=\"200\" height=\"300\" srcset=\"https:\/\/ishtc.formanet-tn.com\/wp-content\/uploads\/2021\/11\/enjeux-200x300.jpg 200w, https:\/\/ishtc.formanet-tn.com\/wp-content\/uploads\/2021\/11\/enjeux-8x12.jpg 8w, https:\/\/ishtc.formanet-tn.com\/wp-content\/uploads\/2021\/11\/enjeux.jpg 295w\" sizes=\"auto, (max-width: 200px) 100vw, 200px\" \/>La d\u00e9colonisation est appr\u00e9hend\u00e9e dans ses dimensions internationales, maghr\u00e9bines, arabes et locales \u00e0 travers des \u00e9v\u00e9nements tels que\u202f: l\u2019assassinat de Hached, le recours \u00e0 l\u2019ONU, la guerre d\u2019Alg\u00e9rie, le bombardement de Sakiet Sidi Youssef. Sont \u00e9galement analys\u00e9s, la situation d\u2019associations ou groupements qui ont contribu\u00e9 \u00e0 la lib\u00e9ration nationale\u202fet la r\u00e9action des groupes minoritaires \u00e0 la d\u00e9colonisation\u202fet la rel\u00e8ve des cadres dans l\u2019Etat ind\u00e9pendant, ainsi que les questions d\u2019ordre \u00e9conomique ou juridique. La d\u00e9colonisation culturelle, mouvement profond, est mise en relief par le probl\u00e8me des imprimeurs, de l\u2019\u00e9dition, de la presse et de la radio.<\/p>\n\r\n\t\t<\/div>\r\n\t<\/div>\r\n<\/div><\/div><\/div><\/div>","protected":false},"excerpt":{"rendered":"La d\u00e9colonisation est appr\u00e9hend\u00e9e dans ses dimensions internationales, maghr\u00e9bines, arabes et locales \u00e0 travers des \u00e9v\u00e9nements tels que\u202f: l\u2019assassinat de Hached, le recours \u00e0 l\u2019ONU, la guerre d\u2019Alg\u00e9rie, le bombardement de Sakiet Sidi Youssef. Sont \u00e9galement analys\u00e9s, la situation d\u2019associations ou groupements qui ont contribu\u00e9 \u00e0 la lib\u00e9ration nationale\u202fet la r\u00e9action des groupes minoritaires \u00e0","protected":false},"author":1,"featured_media":1511,"comment_status":"closed","ping_status":"closed","sticky":false,"template":"","format":"standard","meta":{"footnotes":""},"categories":[76,40],"tags":[],"class_list":["post-1510","post","type-post","status-publish","format-standard","has-post-thumbnail","hentry","category-76","category-publications"],"_links":{"self":[{"href":"https:\/\/ishtc.formanet-tn.com\/en\/wp-json\/wp\/v2\/posts\/1510","targetHints":{"allow":["GET"]}}],"collection":[{"href":"https:\/\/ishtc.formanet-tn.com\/en\/wp-json\/wp\/v2\/posts"}],"about":[{"href":"https:\/\/ishtc.formanet-tn.com\/en\/wp-json\/wp\/v2\/types\/post"}],"author":[{"embeddable":true,"href":"https:\/\/ishtc.formanet-tn.com\/en\/wp-json\/wp\/v2\/users\/1"}],"replies":[{"embeddable":true,"href":"https:\/\/ishtc.formanet-tn.com\/en\/wp-json\/wp\/v2\/comments?post=1510"}],"version-history":[{"count":3,"href":"https:\/\/ishtc.formanet-tn.com\/en\/wp-json\/wp\/v2\/posts\/1510\/revisions"}],"predecessor-version":[{"id":2009,"href":"https:\/\/ishtc.formanet-tn.com\/en\/wp-json\/wp\/v2\/posts\/1510\/revisions\/2009"}],"wp:featuredmedia":[{"embeddable":true,"href":"https:\/\/ishtc.formanet-tn.com\/en\/wp-json\/wp\/v2\/media\/1511"}],"wp:attachment":[{"href":"https:\/\/ishtc.formanet-tn.com\/en\/wp-json\/wp\/v2\/media?parent=1510"}],"wp:term":[{"taxonomy":"category","embeddable":true,"href":"https:\/\/ishtc.formanet-tn.com\/en\/wp-json\/wp\/v2\/categories?post=1510"},{"taxonomy":"post_tag","embeddable":true,"href":"https:\/\/ishtc.formanet-tn.com\/en\/wp-json\/wp\/v2\/tags?post=1510"}],"curies":[{"name":"wp","href":"https:\/\/api.w.org\/{rel}","templated":true}]}}