{"id":1506,"date":"2021-11-08T16:27:45","date_gmt":"2021-11-08T15:27:45","guid":{"rendered":"https:\/\/ishtc.formanet-tn.com\/?p=1506"},"modified":"2021-11-08T16:27:53","modified_gmt":"2021-11-08T15:27:53","slug":"les-relations-tuniso-francaises-de-1945-a-1962","status":"publish","type":"post","link":"https:\/\/ishtc.formanet-tn.com\/en\/les-relations-tuniso-francaises-de-1945-a-1962\/","title":{"rendered":"Les relations tuniso-fran\u00e7aises  de 1945 \u00e0 1962"},"content":{"rendered":"<p><img loading=\"lazy\" decoding=\"async\" class=\"size-medium wp-image-1507 alignleft\" src=\"http:\/\/ishtc.formanet-tn.com\/wp-content\/uploads\/2021\/11\/1945-1962-200x300.jpg\" alt=\"\" width=\"200\" height=\"300\" srcset=\"https:\/\/ishtc.formanet-tn.com\/wp-content\/uploads\/2021\/11\/1945-1962-200x300.jpg 200w, https:\/\/ishtc.formanet-tn.com\/wp-content\/uploads\/2021\/11\/1945-1962-8x12.jpg 8w, https:\/\/ishtc.formanet-tn.com\/wp-content\/uploads\/2021\/11\/1945-1962.jpg 295w\" sizes=\"auto, (max-width: 200px) 100vw, 200px\" \/>Le colloque sur l\u2019histoire des relations tuniso-fran\u00e7aises de 1945 \u00e0 1962, tenu les 10 et 11 mai 1996, est le fruit d\u2019une collaboration de l\u2019ISHMN avec le centre ARPEGE (Association de Recherche sur la paix et la guerre) de l\u2019Universit\u00e9 de Reims. Il a r\u00e9uni t\u00e9moins et historiens autour d\u2019une p\u00e9riode cruciale d\u2019affrontement et de dialogue entre la Tunisie et la France et a essay\u00e9, entre autres, d\u2019apporter des \u00e9clairages nouveaux sur la conjoncture internationale.<\/p>","protected":false},"excerpt":{"rendered":"<p>Le colloque sur l\u2019histoire des relations tuniso-fran\u00e7aises de 1945 \u00e0 1962, tenu les 10 et 11 mai 1996, est le fruit d\u2019une collaboration de l\u2019ISHMN avec le centre ARPEGE (Association de Recherche sur la paix et la guerre) de l\u2019Universit\u00e9 de Reims. Il a r\u00e9uni t\u00e9moins et historiens autour d\u2019une p\u00e9riode cruciale d\u2019affrontement et de<\/p>","protected":false},"author":1,"featured_media":1507,"comment_status":"closed","ping_status":"closed","sticky":false,"template":"","format":"standard","meta":{"footnotes":""},"categories":[70,40],"tags":[],"class_list":["post-1506","post","type-post","status-publish","format-standard","has-post-thumbnail","hentry","category-70","category-publications"],"_links":{"self":[{"href":"https:\/\/ishtc.formanet-tn.com\/en\/wp-json\/wp\/v2\/posts\/1506","targetHints":{"allow":["GET"]}}],"collection":[{"href":"https:\/\/ishtc.formanet-tn.com\/en\/wp-json\/wp\/v2\/posts"}],"about":[{"href":"https:\/\/ishtc.formanet-tn.com\/en\/wp-json\/wp\/v2\/types\/post"}],"author":[{"embeddable":true,"href":"https:\/\/ishtc.formanet-tn.com\/en\/wp-json\/wp\/v2\/users\/1"}],"replies":[{"embeddable":true,"href":"https:\/\/ishtc.formanet-tn.com\/en\/wp-json\/wp\/v2\/comments?post=1506"}],"version-history":[{"count":2,"href":"https:\/\/ishtc.formanet-tn.com\/en\/wp-json\/wp\/v2\/posts\/1506\/revisions"}],"predecessor-version":[{"id":1509,"href":"https:\/\/ishtc.formanet-tn.com\/en\/wp-json\/wp\/v2\/posts\/1506\/revisions\/1509"}],"wp:featuredmedia":[{"embeddable":true,"href":"https:\/\/ishtc.formanet-tn.com\/en\/wp-json\/wp\/v2\/media\/1507"}],"wp:attachment":[{"href":"https:\/\/ishtc.formanet-tn.com\/en\/wp-json\/wp\/v2\/media?parent=1506"}],"wp:term":[{"taxonomy":"category","embeddable":true,"href":"https:\/\/ishtc.formanet-tn.com\/en\/wp-json\/wp\/v2\/categories?post=1506"},{"taxonomy":"post_tag","embeddable":true,"href":"https:\/\/ishtc.formanet-tn.com\/en\/wp-json\/wp\/v2\/tags?post=1506"}],"curies":[{"name":"wp","href":"https:\/\/api.w.org\/{rel}","templated":true}]}}