{"id":1479,"date":"2021-11-08T15:55:20","date_gmt":"2021-11-08T14:55:20","guid":{"rendered":"https:\/\/ishtc.formanet-tn.com\/?p=1479"},"modified":"2021-12-15T13:51:45","modified_gmt":"2021-12-15T12:51:45","slug":"images-du-sud-tunisien","status":"publish","type":"post","link":"https:\/\/ishtc.formanet-tn.com\/en\/images-du-sud-tunisien\/","title":{"rendered":"Images du Sud Tunisien"},"content":{"rendered":"<div class=\"vc_row wpb_row vc_row-fluid\"><\/div><div class=\"vc_row wpb_row vc_row-fluid\"><\/div><div class=\"vc_row wpb_row vc_row-fluid\"><div class=\"wpb_column vc_column_container vc_col-sm-12\"><div class=\"vc_column-inner\"><div class=\"wpb_wrapper\">\r\n\t<div class=\"wpb_text_column wpb_content_element\" >\r\n\t\t<div class=\"wpb_wrapper\">\r\n\t\t\t<p><img loading=\"lazy\" decoding=\"async\" class=\"size-medium wp-image-1480 alignleft\" src=\"http:\/\/ishtc.formanet-tn.com\/wp-content\/uploads\/2021\/11\/imagesdusud-200x300.jpg\" alt=\"\" width=\"200\" height=\"300\" srcset=\"https:\/\/ishtc.formanet-tn.com\/wp-content\/uploads\/2021\/11\/imagesdusud-200x300.jpg 200w, https:\/\/ishtc.formanet-tn.com\/wp-content\/uploads\/2021\/11\/imagesdusud-8x12.jpg 8w, https:\/\/ishtc.formanet-tn.com\/wp-content\/uploads\/2021\/11\/imagesdusud.jpg 295w\" sizes=\"auto, (max-width: 200px) 100vw, 200px\" \/>Une collection de photos prise par un ing\u00e9nieur de la compagnie Sfax-Gafsa en 1903-1904 est \u00e0 l\u2019origine de cette publication commune entre le Greemam (Paris 7) et l\u2019Unit\u00e9 d\u2019Etudes et de Recherches archivistiques de l\u2019Institut. La premi\u00e8re partie restitue \u00e0 travers le regard d\u2019un ing\u00e9nieur le cadre historique de la r\u00e9gion de Gafsa-Metlaoui au d\u00e9but du si\u00e8cle. Le second volet \u00e9claire ce t\u00e9moignage par un dossier archivistique et bibliographique, centr\u00e9 autour de la connaissance du Sud tunisien \u00e0 cette \u00e9poque-l\u00e0, qui apporte quelques jalons suppl\u00e9mentaires pour une \u00e9tude de cette r\u00e9gion mini\u00e8re et mythique.<\/p>\n\r\n\t\t<\/div>\r\n\t<\/div>\r\n<\/div><\/div><\/div><\/div>","protected":false},"excerpt":{"rendered":"Une collection de photos prise par un ing\u00e9nieur de la compagnie Sfax-Gafsa en 1903-1904 est \u00e0 l\u2019origine de cette publication commune entre le Greemam (Paris 7) et l\u2019Unit\u00e9 d\u2019Etudes et de Recherches archivistiques de l\u2019Institut. La premi\u00e8re partie restitue \u00e0 travers le regard d\u2019un ing\u00e9nieur le cadre historique de la r\u00e9gion de Gafsa-Metlaoui au d\u00e9but","protected":false},"author":1,"featured_media":1480,"comment_status":"closed","ping_status":"closed","sticky":false,"template":"","format":"standard","meta":{"footnotes":""},"categories":[88,40],"tags":[],"class_list":["post-1479","post","type-post","status-publish","format-standard","has-post-thumbnail","hentry","category-88","category-publications"],"_links":{"self":[{"href":"https:\/\/ishtc.formanet-tn.com\/en\/wp-json\/wp\/v2\/posts\/1479","targetHints":{"allow":["GET"]}}],"collection":[{"href":"https:\/\/ishtc.formanet-tn.com\/en\/wp-json\/wp\/v2\/posts"}],"about":[{"href":"https:\/\/ishtc.formanet-tn.com\/en\/wp-json\/wp\/v2\/types\/post"}],"author":[{"embeddable":true,"href":"https:\/\/ishtc.formanet-tn.com\/en\/wp-json\/wp\/v2\/users\/1"}],"replies":[{"embeddable":true,"href":"https:\/\/ishtc.formanet-tn.com\/en\/wp-json\/wp\/v2\/comments?post=1479"}],"version-history":[{"count":3,"href":"https:\/\/ishtc.formanet-tn.com\/en\/wp-json\/wp\/v2\/posts\/1479\/revisions"}],"predecessor-version":[{"id":1994,"href":"https:\/\/ishtc.formanet-tn.com\/en\/wp-json\/wp\/v2\/posts\/1479\/revisions\/1994"}],"wp:featuredmedia":[{"embeddable":true,"href":"https:\/\/ishtc.formanet-tn.com\/en\/wp-json\/wp\/v2\/media\/1480"}],"wp:attachment":[{"href":"https:\/\/ishtc.formanet-tn.com\/en\/wp-json\/wp\/v2\/media?parent=1479"}],"wp:term":[{"taxonomy":"category","embeddable":true,"href":"https:\/\/ishtc.formanet-tn.com\/en\/wp-json\/wp\/v2\/categories?post=1479"},{"taxonomy":"post_tag","embeddable":true,"href":"https:\/\/ishtc.formanet-tn.com\/en\/wp-json\/wp\/v2\/tags?post=1479"}],"curies":[{"name":"wp","href":"https:\/\/api.w.org\/{rel}","templated":true}]}}