{"id":1366,"date":"2021-11-06T23:23:12","date_gmt":"2021-11-06T22:23:12","guid":{"rendered":"https:\/\/ishtc.formanet-tn.com\/?p=1366"},"modified":"2021-12-14T22:25:21","modified_gmt":"2021-12-14T21:25:21","slug":"belkacem-el-kenawy-memoires-dun-syndicaliste-national","status":"publish","type":"post","link":"https:\/\/ishtc.formanet-tn.com\/en\/belkacem-el-kenawy-memoires-dun-syndicaliste-national\/","title":{"rendered":"Belkacem El Kenawy : M\u00e9moires d&rsquo;un syndicaliste national"},"content":{"rendered":"<div class=\"vc_row wpb_row vc_row-fluid\"><\/div><div class=\"vc_row wpb_row vc_row-fluid\"><\/div><div class=\"vc_row wpb_row vc_row-fluid\"><div class=\"wpb_column vc_column_container vc_col-sm-12\"><div class=\"vc_column-inner\"><div class=\"wpb_wrapper\">\r\n\t<div class=\"wpb_text_column wpb_content_element\" >\r\n\t\t<div class=\"wpb_wrapper\">\r\n\t\t\t<p>Les m<img loading=\"lazy\" decoding=\"async\" class=\"size-medium wp-image-1367 alignleft\" src=\"http:\/\/ishtc.formanet-tn.com\/wp-content\/uploads\/2021\/11\/BELGACEM-198x300.png\" alt=\"\" width=\"198\" height=\"300\" srcset=\"https:\/\/ishtc.formanet-tn.com\/wp-content\/uploads\/2021\/11\/BELGACEM-198x300.png 198w, https:\/\/ishtc.formanet-tn.com\/wp-content\/uploads\/2021\/11\/BELGACEM-8x12.png 8w, https:\/\/ishtc.formanet-tn.com\/wp-content\/uploads\/2021\/11\/BELGACEM.png 449w\" sizes=\"auto, (max-width: 198px) 100vw, 198px\" \/>\u00e9moires couvrent la p\u00e9riode allant de 1924 \u00e0 1960. Leur originalit\u00e9 r\u00e9side dans le fait que Gnaoui n\u2019a pas de dipl\u00f4me acad\u00e9mique, qu\u2019il a milit\u00e9 au sein de la C.G.T.T et qu\u2019il a tent\u00e9 de donner un second souffle en 1936 \u00e0 la deuxi\u00e8me exp\u00e9rience syndicale. Cette seconde exp\u00e9rience syndicale a \u00e9chou\u00e9 \u00e0 cause des divergences apparues entre sa direction et le N\u00e9o-Destour concernant la nature et les finalit\u00e9s de l\u2019action syndicale et ses rapports avec les partis politiques. Gnaoui a particip\u00e9 activement \u00e0 la lutte nationale et syndicale et a subi en cons\u00e9quence la r\u00e9pression des autorit\u00e9s coloniales.<\/p>\n\r\n\t\t<\/div>\r\n\t<\/div>\r\n<\/div><\/div><\/div><\/div>","protected":false},"excerpt":{"rendered":"Les m\u00e9moires couvrent la p\u00e9riode allant de 1924 \u00e0 1960. Leur originalit\u00e9 r\u00e9side dans le fait que Gnaoui n\u2019a pas de dipl\u00f4me acad\u00e9mique, qu\u2019il a milit\u00e9 au sein de la C.G.T.T et qu\u2019il a tent\u00e9 de donner un second souffle en 1936 \u00e0 la deuxi\u00e8me exp\u00e9rience syndicale. Cette seconde exp\u00e9rience syndicale a \u00e9chou\u00e9 \u00e0 cause","protected":false},"author":1,"featured_media":1367,"comment_status":"closed","ping_status":"closed","sticky":false,"template":"","format":"standard","meta":{"footnotes":""},"categories":[70,40],"tags":[],"class_list":["post-1366","post","type-post","status-publish","format-standard","has-post-thumbnail","hentry","category-70","category-publications"],"_links":{"self":[{"href":"https:\/\/ishtc.formanet-tn.com\/en\/wp-json\/wp\/v2\/posts\/1366","targetHints":{"allow":["GET"]}}],"collection":[{"href":"https:\/\/ishtc.formanet-tn.com\/en\/wp-json\/wp\/v2\/posts"}],"about":[{"href":"https:\/\/ishtc.formanet-tn.com\/en\/wp-json\/wp\/v2\/types\/post"}],"author":[{"embeddable":true,"href":"https:\/\/ishtc.formanet-tn.com\/en\/wp-json\/wp\/v2\/users\/1"}],"replies":[{"embeddable":true,"href":"https:\/\/ishtc.formanet-tn.com\/en\/wp-json\/wp\/v2\/comments?post=1366"}],"version-history":[{"count":4,"href":"https:\/\/ishtc.formanet-tn.com\/en\/wp-json\/wp\/v2\/posts\/1366\/revisions"}],"predecessor-version":[{"id":1946,"href":"https:\/\/ishtc.formanet-tn.com\/en\/wp-json\/wp\/v2\/posts\/1366\/revisions\/1946"}],"wp:featuredmedia":[{"embeddable":true,"href":"https:\/\/ishtc.formanet-tn.com\/en\/wp-json\/wp\/v2\/media\/1367"}],"wp:attachment":[{"href":"https:\/\/ishtc.formanet-tn.com\/en\/wp-json\/wp\/v2\/media?parent=1366"}],"wp:term":[{"taxonomy":"category","embeddable":true,"href":"https:\/\/ishtc.formanet-tn.com\/en\/wp-json\/wp\/v2\/categories?post=1366"},{"taxonomy":"post_tag","embeddable":true,"href":"https:\/\/ishtc.formanet-tn.com\/en\/wp-json\/wp\/v2\/tags?post=1366"}],"curies":[{"name":"wp","href":"https:\/\/api.w.org\/{rel}","templated":true}]}}