{"id":1361,"date":"2021-11-06T23:21:31","date_gmt":"2021-11-06T22:21:31","guid":{"rendered":"https:\/\/ishtc.formanet-tn.com\/?p=1361"},"modified":"2021-11-08T11:05:37","modified_gmt":"2021-11-08T10:05:37","slug":"ministre-taher-pacha-khair-al-din-1875-1937-pensees-et-memoires","status":"publish","type":"post","link":"https:\/\/ishtc.formanet-tn.com\/en\/ministre-taher-pacha-khair-al-din-1875-1937-pensees-et-memoires\/","title":{"rendered":"Ministre Taher Pacha Khair al-Din (1875-1937) : Pens\u00e9es et m\u00e9moires"},"content":{"rendered":"<p><img loading=\"lazy\" decoding=\"async\" class=\"size-medium wp-image-1364 alignleft\" src=\"http:\/\/ishtc.formanet-tn.com\/wp-content\/uploads\/2021\/11\/TAHARBACHAKHD-198x300.png\" alt=\"\" width=\"198\" height=\"300\" srcset=\"https:\/\/ishtc.formanet-tn.com\/wp-content\/uploads\/2021\/11\/TAHARBACHAKHD-198x300.png 198w, https:\/\/ishtc.formanet-tn.com\/wp-content\/uploads\/2021\/11\/TAHARBACHAKHD-8x12.png 8w, https:\/\/ishtc.formanet-tn.com\/wp-content\/uploads\/2021\/11\/TAHARBACHAKHD.png 449w\" sizes=\"auto, (max-width: 198px) 100vw, 198px\" \/><\/p>\n<p>Ce carnet des \u00e9v\u00e9nements familiaux est un ouvrage constitu\u00e9 de documents rassembl\u00e9s par Tahar Pacha Kh\u00e9reddine d\u2019apr\u00e8s les documents de son p\u00e8re et ses documents personnels. \u00ab\u202fCe carnet\u202f\u00bb est r\u00e9dig\u00e9 lors de son s\u00e9jour \u00e0 Paris apr\u00e8s sa d\u00e9mission du Minist\u00e8re de la Justice \u00e0 Tunis et son d\u00e9part pour Paris (ao\u00fbt 1935).<\/p>\n<p>L\u2019ouvrage commence par une biographie succincte de Khereddine Pacha et son plan s\u2019organise par \u00e9pisodes suivant une classification th\u00e9matique qui respecte l\u2019encha\u00eenement des \u00e9v\u00e9nements historiques.<\/p>\n<p>&nbsp;<\/p>","protected":false},"excerpt":{"rendered":"<p>Ce carnet des \u00e9v\u00e9nements familiaux est un ouvrage constitu\u00e9 de documents rassembl\u00e9s par Tahar Pacha Kh\u00e9reddine d\u2019apr\u00e8s les documents de son p\u00e8re et ses documents personnels. \u00ab\u202fCe carnet\u202f\u00bb est r\u00e9dig\u00e9 lors de son s\u00e9jour \u00e0 Paris apr\u00e8s sa d\u00e9mission du Minist\u00e8re de la Justice \u00e0 Tunis et son d\u00e9part pour Paris (ao\u00fbt 1935). L\u2019ouvrage commence<\/p>","protected":false},"author":1,"featured_media":1364,"comment_status":"closed","ping_status":"closed","sticky":false,"template":"","format":"standard","meta":{"footnotes":""},"categories":[40],"tags":[],"class_list":["post-1361","post","type-post","status-publish","format-standard","has-post-thumbnail","hentry","category-publications"],"_links":{"self":[{"href":"https:\/\/ishtc.formanet-tn.com\/en\/wp-json\/wp\/v2\/posts\/1361","targetHints":{"allow":["GET"]}}],"collection":[{"href":"https:\/\/ishtc.formanet-tn.com\/en\/wp-json\/wp\/v2\/posts"}],"about":[{"href":"https:\/\/ishtc.formanet-tn.com\/en\/wp-json\/wp\/v2\/types\/post"}],"author":[{"embeddable":true,"href":"https:\/\/ishtc.formanet-tn.com\/en\/wp-json\/wp\/v2\/users\/1"}],"replies":[{"embeddable":true,"href":"https:\/\/ishtc.formanet-tn.com\/en\/wp-json\/wp\/v2\/comments?post=1361"}],"version-history":[{"count":1,"href":"https:\/\/ishtc.formanet-tn.com\/en\/wp-json\/wp\/v2\/posts\/1361\/revisions"}],"predecessor-version":[{"id":1365,"href":"https:\/\/ishtc.formanet-tn.com\/en\/wp-json\/wp\/v2\/posts\/1361\/revisions\/1365"}],"wp:featuredmedia":[{"embeddable":true,"href":"https:\/\/ishtc.formanet-tn.com\/en\/wp-json\/wp\/v2\/media\/1364"}],"wp:attachment":[{"href":"https:\/\/ishtc.formanet-tn.com\/en\/wp-json\/wp\/v2\/media?parent=1361"}],"wp:term":[{"taxonomy":"category","embeddable":true,"href":"https:\/\/ishtc.formanet-tn.com\/en\/wp-json\/wp\/v2\/categories?post=1361"},{"taxonomy":"post_tag","embeddable":true,"href":"https:\/\/ishtc.formanet-tn.com\/en\/wp-json\/wp\/v2\/tags?post=1361"}],"curies":[{"name":"wp","href":"https:\/\/api.w.org\/{rel}","templated":true}]}}