{"id":1553,"date":"2021-11-09T00:01:19","date_gmt":"2021-11-08T23:01:19","guid":{"rendered":"https:\/\/ishtc.formanet-tn.com\/?p=1553"},"modified":"2021-11-09T00:01:19","modified_gmt":"2021-11-08T23:01:19","slug":"le-mouvement-jeune-tunisien","status":"publish","type":"post","link":"https:\/\/ishtc.formanet-tn.com\/ar\/le-mouvement-jeune-tunisien\/","title":{"rendered":"Le Mouvement Jeune Tunisien"},"content":{"rendered":"<p><img loading=\"lazy\" decoding=\"async\" class=\"size-medium wp-image-1554 alignleft\" src=\"http:\/\/ishtc.formanet-tn.com\/wp-content\/uploads\/2021\/11\/ugtt-200x300.jpg\" alt=\"\" width=\"200\" height=\"300\" srcset=\"https:\/\/ishtc.formanet-tn.com\/wp-content\/uploads\/2021\/11\/ugtt-200x300.jpg 200w, https:\/\/ishtc.formanet-tn.com\/wp-content\/uploads\/2021\/11\/ugtt-8x12.jpg 8w, https:\/\/ishtc.formanet-tn.com\/wp-content\/uploads\/2021\/11\/ugtt.jpg 295w\" sizes=\"auto, (max-width: 200px) 100vw, 200px\" \/>L\u2019auteur a regroup\u00e9 dans cet ouvrage une bonne partie de la litt\u00e9rature du mouvement, en adoptant un choix th\u00e9matique qui refl\u00e8te la maturit\u00e9 politique du mouvement national au d\u00e9but du 20\u00e8 si\u00e8cle.<\/p>\n<p>Les \u00e9crits du Mouvement Jeune Tunisien refl\u00e8tent l\u2019orientation lib\u00e9rale, mod\u00e9r\u00e9e et l\u00e9galiste de ce mouvement et sa conception de l\u2019\u00e9volution de la soci\u00e9t\u00e9 tunisienne et des relations tuniso-fran\u00e7aises.<\/p>\n<p>Le Mouvement a su canaliser l\u2019enthousiasme populaire et mener un combat au nom des principes de droit, de libert\u00e9 et d\u2019\u00e9galit\u00e9 avec les pr\u00e9pond\u00e9rants et les autorit\u00e9s coloniales qui ont vite mis fin \u00e0 cette exp\u00e9rience.<\/p>","protected":false},"excerpt":{"rendered":"<p>L\u2019auteur a regroup\u00e9 dans cet ouvrage une bonne partie de la litt\u00e9rature du mouvement, en adoptant un choix th\u00e9matique qui refl\u00e8te la maturit\u00e9 politique du mouvement national au d\u00e9but du 20\u00e8 si\u00e8cle. Les \u00e9crits du Mouvement Jeune Tunisien refl\u00e8tent l\u2019orientation lib\u00e9rale, mod\u00e9r\u00e9e et l\u00e9galiste de ce mouvement et sa conception de l\u2019\u00e9volution de la soci\u00e9t\u00e9<\/p>","protected":false},"author":1,"featured_media":1554,"comment_status":"closed","ping_status":"closed","sticky":false,"template":"","format":"standard","meta":{"footnotes":""},"categories":[40],"tags":[],"class_list":["post-1553","post","type-post","status-publish","format-standard","has-post-thumbnail","hentry","category-publications"],"_links":{"self":[{"href":"https:\/\/ishtc.formanet-tn.com\/ar\/wp-json\/wp\/v2\/posts\/1553","targetHints":{"allow":["GET"]}}],"collection":[{"href":"https:\/\/ishtc.formanet-tn.com\/ar\/wp-json\/wp\/v2\/posts"}],"about":[{"href":"https:\/\/ishtc.formanet-tn.com\/ar\/wp-json\/wp\/v2\/types\/post"}],"author":[{"embeddable":true,"href":"https:\/\/ishtc.formanet-tn.com\/ar\/wp-json\/wp\/v2\/users\/1"}],"replies":[{"embeddable":true,"href":"https:\/\/ishtc.formanet-tn.com\/ar\/wp-json\/wp\/v2\/comments?post=1553"}],"version-history":[{"count":1,"href":"https:\/\/ishtc.formanet-tn.com\/ar\/wp-json\/wp\/v2\/posts\/1553\/revisions"}],"predecessor-version":[{"id":1555,"href":"https:\/\/ishtc.formanet-tn.com\/ar\/wp-json\/wp\/v2\/posts\/1553\/revisions\/1555"}],"wp:featuredmedia":[{"embeddable":true,"href":"https:\/\/ishtc.formanet-tn.com\/ar\/wp-json\/wp\/v2\/media\/1554"}],"wp:attachment":[{"href":"https:\/\/ishtc.formanet-tn.com\/ar\/wp-json\/wp\/v2\/media?parent=1553"}],"wp:term":[{"taxonomy":"category","embeddable":true,"href":"https:\/\/ishtc.formanet-tn.com\/ar\/wp-json\/wp\/v2\/categories?post=1553"},{"taxonomy":"post_tag","embeddable":true,"href":"https:\/\/ishtc.formanet-tn.com\/ar\/wp-json\/wp\/v2\/tags?post=1553"}],"curies":[{"name":"wp","href":"https:\/\/api.w.org\/{rel}","templated":true}]}}