{"id":1532,"date":"2021-11-08T23:25:51","date_gmt":"2021-11-08T22:25:51","guid":{"rendered":"https:\/\/ishtc.formanet-tn.com\/?p=1532"},"modified":"2021-11-08T23:25:51","modified_gmt":"2021-11-08T22:25:51","slug":"thawrat-approche-comparee-des-revoltes-et-des-revolutions","status":"publish","type":"post","link":"https:\/\/ishtc.formanet-tn.com\/ar\/thawrat-approche-comparee-des-revoltes-et-des-revolutions\/","title":{"rendered":"\u062b\u0648\u0631\u0627\u062a : \u0645\u0642\u0627\u0631\u0628\u0627\u062a \u0648\u0645\u0642\u0627\u0631\u0646\u0627\u062a : \u064219 -\u064221"},"content":{"rendered":"<p><img loading=\"lazy\" decoding=\"async\" class=\"size-medium wp-image-1533 alignleft\" src=\"http:\/\/ishtc.formanet-tn.com\/wp-content\/uploads\/2021\/11\/thawrat-200x300.jpg\" alt=\"\" width=\"200\" height=\"300\" srcset=\"https:\/\/ishtc.formanet-tn.com\/wp-content\/uploads\/2021\/11\/thawrat-200x300.jpg 200w, https:\/\/ishtc.formanet-tn.com\/wp-content\/uploads\/2021\/11\/thawrat-8x12.jpg 8w, https:\/\/ishtc.formanet-tn.com\/wp-content\/uploads\/2021\/11\/thawrat.jpg 295w\" sizes=\"auto, (max-width: 200px) 100vw, 200px\" \/>Issu de s\u00e9minaires de r\u00e9flexion sur les \u00e9v\u00e9nements majeurs qu\u2019a connus la Tunisie en janvier 2011, ces actes du colloque Thawrat prolongent la r\u00e9flexion sur cet \u00e9v\u00e9nement (qualifi\u00e9 d\u2019abord de \u00abPrintemps arabe\u00bb), \u00e0 travers des comparaisons avec d\u2019autres mouvements de r\u00e9volte (ou r\u00e9volution) et avec d\u2019autres aires g\u00e9ographiques notamment les pays arabes qui ont connu cette \u00ab onde de choc \u00bb : la Tunisie, l\u2019Egypte, la Libye, le Y\u00e9men, la Syrie, le Maroc, mais aussi l\u2019Empire ottoman de 1908 et la France du XIXe si\u00e8cle. Ce tableau \u00e9voque la complexit\u00e9 des situations v\u00e9cues dans chaque pays. Des probl\u00e8mes d\u2019appellation, de sources (dont les graffiti), d\u2019approche (comment aborder \u00ab l\u2019histoire du temps pr\u00e9sent \u00bb ?), ont \u00e9t\u00e9 \u00e9voqu\u00e9s\u00a0 dans cet ouvrage.<\/p>","protected":false},"excerpt":{"rendered":"<p>Issu de s\u00e9minaires de r\u00e9flexion sur les \u00e9v\u00e9nements majeurs qu\u2019a connus la Tunisie en janvier 2011, ces actes du colloque Thawrat prolongent la r\u00e9flexion sur cet \u00e9v\u00e9nement (qualifi\u00e9 d\u2019abord de \u00abPrintemps arabe\u00bb), \u00e0 travers des comparaisons avec d\u2019autres mouvements de r\u00e9volte (ou r\u00e9volution) et avec d\u2019autres aires g\u00e9ographiques notamment les pays arabes qui ont connu<\/p>","protected":false},"author":1,"featured_media":1533,"comment_status":"closed","ping_status":"closed","sticky":false,"template":"","format":"standard","meta":{"footnotes":""},"categories":[84,40],"tags":[],"class_list":["post-1532","post","type-post","status-publish","format-standard","has-post-thumbnail","hentry","category-84","category-publications"],"_links":{"self":[{"href":"https:\/\/ishtc.formanet-tn.com\/ar\/wp-json\/wp\/v2\/posts\/1532","targetHints":{"allow":["GET"]}}],"collection":[{"href":"https:\/\/ishtc.formanet-tn.com\/ar\/wp-json\/wp\/v2\/posts"}],"about":[{"href":"https:\/\/ishtc.formanet-tn.com\/ar\/wp-json\/wp\/v2\/types\/post"}],"author":[{"embeddable":true,"href":"https:\/\/ishtc.formanet-tn.com\/ar\/wp-json\/wp\/v2\/users\/1"}],"replies":[{"embeddable":true,"href":"https:\/\/ishtc.formanet-tn.com\/ar\/wp-json\/wp\/v2\/comments?post=1532"}],"version-history":[{"count":2,"href":"https:\/\/ishtc.formanet-tn.com\/ar\/wp-json\/wp\/v2\/posts\/1532\/revisions"}],"predecessor-version":[{"id":2023,"href":"https:\/\/ishtc.formanet-tn.com\/ar\/wp-json\/wp\/v2\/posts\/1532\/revisions\/2023"}],"wp:featuredmedia":[{"embeddable":true,"href":"https:\/\/ishtc.formanet-tn.com\/ar\/wp-json\/wp\/v2\/media\/1533"}],"wp:attachment":[{"href":"https:\/\/ishtc.formanet-tn.com\/ar\/wp-json\/wp\/v2\/media?parent=1532"}],"wp:term":[{"taxonomy":"category","embeddable":true,"href":"https:\/\/ishtc.formanet-tn.com\/ar\/wp-json\/wp\/v2\/categories?post=1532"},{"taxonomy":"post_tag","embeddable":true,"href":"https:\/\/ishtc.formanet-tn.com\/ar\/wp-json\/wp\/v2\/tags?post=1532"}],"curies":[{"name":"wp","href":"https:\/\/api.w.org\/{rel}","templated":true}]}}