{"id":1361,"date":"2021-11-06T23:21:31","date_gmt":"2021-11-06T22:21:31","guid":{"rendered":"https:\/\/ishtc.formanet-tn.com\/?p=1361"},"modified":"2021-11-08T11:05:37","modified_gmt":"2021-11-08T10:05:37","slug":"ministre-taher-pacha-khair-al-din-1875-1937-pensees-et-memoires","status":"publish","type":"post","link":"https:\/\/ishtc.formanet-tn.com\/ar\/ministre-taher-pacha-khair-al-din-1875-1937-pensees-et-memoires\/","title":{"rendered":"\u0627\u0644\u0648\u0632\u064a\u0631 \u0637\u0627\u0647\u0631 \u0628\u0627\u0634\u0627 \u062e\u064a\u0631 \u0627\u0644\u062f\u0651\u064a\u0646 (1875 \u2013 1937):  \u062e\u0648\u0627\u0637\u0631  \u0648\u0645\u0630\u0643\u0651\u0631\u0627\u062a"},"content":{"rendered":"<p><img loading=\"lazy\" decoding=\"async\" class=\"size-medium wp-image-1364 alignleft\" src=\"http:\/\/ishtc.formanet-tn.com\/wp-content\/uploads\/2021\/11\/TAHARBACHAKHD-198x300.png\" alt=\"\" width=\"198\" height=\"300\" srcset=\"https:\/\/ishtc.formanet-tn.com\/wp-content\/uploads\/2021\/11\/TAHARBACHAKHD-198x300.png 198w, https:\/\/ishtc.formanet-tn.com\/wp-content\/uploads\/2021\/11\/TAHARBACHAKHD-8x12.png 8w, https:\/\/ishtc.formanet-tn.com\/wp-content\/uploads\/2021\/11\/TAHARBACHAKHD.png 449w\" sizes=\"auto, (max-width: 198px) 100vw, 198px\" \/><\/p>\n<p>\u064a\u0645\u062b\u0644 \u0647\u0630\u0627 \u0627\u0644\u0633\u062c\u0644 \u0627\u0644\u0645\u062d\u062a\u0648\u064a \u0639\u0644\u0649 \u0623\u062d\u062f\u0627\u062b \u0639\u0627\u0626\u0644\u064a\u0629 \u0643\u062a\u0627\u0628\u0627 \u064a\u0636\u0645 \u0648\u062b\u0627\u0626\u0642 \u062a\u0645\u0651 \u062c\u0645\u0639\u0647\u0627 \u0645\u0646 \u0642\u0628\u0644 \u0637\u0627\u0647\u0631 \u0628\u0627\u0634\u0627 \u062e\u064a\u0631 \u0627\u0644\u062f\u064a\u0646\u060c \u0648\u0647\u064a \u0639\u0644\u0649 \u0645\u0644\u0643 \u0648\u0627\u0644\u062f\u0647 \u0628\u0627\u0644\u0625\u0636\u0627\u0641\u0629 \u0625\u0644\u0649 \u0648\u062b\u0627\u0626\u0642\u0647 \u0627\u0644\u0634\u062e\u0635\u064a\u0651\u0629.\n\u0648\u0642\u062f \u0643\u062a\u0628 \u0627\u0644\u0633\u062c\u0644 \u062e\u0644\u0627\u0644 \u0625\u0642\u0627\u0645\u062a\u0647 \u0628\u0628\u0627\u0631\u064a\u0633\u060c \u0639\u0644\u0649 \u0625\u062b\u0631 \u0627\u0633\u062a\u0642\u0627\u0644\u062a\u0647 \u0645\u0646 \u0648\u0632\u0627\u0631\u0629 \u0627\u0644\u0639\u062f\u0644 \u0628\u062a\u0648\u0646\u0633 \u0648\u0633\u0641\u0631\u0647 \u0625\u0644\u0649 \u0628\u0627\u0631\u064a\u0633 (\u0623\u0648\u062a 1935).<\/p>\n<p>\u064a\u062d\u062a\u0648\u064a \u0627\u0644\u062a\u0623\u0644\u064a\u0641 \u0641\u064a \u0628\u062f\u0627\u064a\u062a\u0647 \u0639\u0644\u0649 \u062a\u0631\u062c\u0645\u0629 \u0645\u0648\u062c\u0632\u0629 \u0644\u062d\u064a\u0627\u0629 \u062e\u064a\u0631 \u0627\u0644\u062f\u064a\u0646 \u0628\u0627\u0634\u0627. \u0648\u0642\u062f \u0648\u0642\u0639 \u0627\u062a\u0628\u0627\u0639 \u062a\u062e\u0637\u064a\u0637 \u064a\u0639\u062a\u0645\u062f \u0627\u0644\u062a\u0635\u0646\u064a\u0641 \u0627\u0644\u0645\u062d\u0648\u0631\u064a \u0627\u0644\u0630\u064a \u064a\u062d\u062a\u0631\u0645 \u062a\u0633\u0644\u0633\u0644 \u0627\u0644\u0623\u062d\u062f\u0627\u062b \u0627\u0644\u062a\u0627\u0631\u064a\u062e\u064a\u0629.<\/p>\n<p>&nbsp;<\/p>","protected":false},"excerpt":{"rendered":"<p>Ce carnet des \u00e9v\u00e9nements familiaux est un ouvrage constitu\u00e9 de documents rassembl\u00e9s par Tahar Pacha Kh\u00e9reddine d\u2019apr\u00e8s les documents de son p\u00e8re et ses documents personnels. \u00ab\u202fCe carnet\u202f\u00bb est r\u00e9dig\u00e9 lors de son s\u00e9jour \u00e0 Paris apr\u00e8s sa d\u00e9mission du Minist\u00e8re de la Justice \u00e0 Tunis et son d\u00e9part pour Paris (ao\u00fbt 1935). L\u2019ouvrage commence<\/p>","protected":false},"author":1,"featured_media":1364,"comment_status":"closed","ping_status":"closed","sticky":false,"template":"","format":"standard","meta":{"footnotes":""},"categories":[40],"tags":[],"class_list":["post-1361","post","type-post","status-publish","format-standard","has-post-thumbnail","hentry","category-publications"],"_links":{"self":[{"href":"https:\/\/ishtc.formanet-tn.com\/ar\/wp-json\/wp\/v2\/posts\/1361","targetHints":{"allow":["GET"]}}],"collection":[{"href":"https:\/\/ishtc.formanet-tn.com\/ar\/wp-json\/wp\/v2\/posts"}],"about":[{"href":"https:\/\/ishtc.formanet-tn.com\/ar\/wp-json\/wp\/v2\/types\/post"}],"author":[{"embeddable":true,"href":"https:\/\/ishtc.formanet-tn.com\/ar\/wp-json\/wp\/v2\/users\/1"}],"replies":[{"embeddable":true,"href":"https:\/\/ishtc.formanet-tn.com\/ar\/wp-json\/wp\/v2\/comments?post=1361"}],"version-history":[{"count":1,"href":"https:\/\/ishtc.formanet-tn.com\/ar\/wp-json\/wp\/v2\/posts\/1361\/revisions"}],"predecessor-version":[{"id":1365,"href":"https:\/\/ishtc.formanet-tn.com\/ar\/wp-json\/wp\/v2\/posts\/1361\/revisions\/1365"}],"wp:featuredmedia":[{"embeddable":true,"href":"https:\/\/ishtc.formanet-tn.com\/ar\/wp-json\/wp\/v2\/media\/1364"}],"wp:attachment":[{"href":"https:\/\/ishtc.formanet-tn.com\/ar\/wp-json\/wp\/v2\/media?parent=1361"}],"wp:term":[{"taxonomy":"category","embeddable":true,"href":"https:\/\/ishtc.formanet-tn.com\/ar\/wp-json\/wp\/v2\/categories?post=1361"},{"taxonomy":"post_tag","embeddable":true,"href":"https:\/\/ishtc.formanet-tn.com\/ar\/wp-json\/wp\/v2\/tags?post=1361"}],"curies":[{"name":"wp","href":"https:\/\/api.w.org\/{rel}","templated":true}]}}